{"id":98932,"date":"2026-09-04T14:07:23","date_gmt":"2026-09-04T20:07:23","guid":{"rendered":"https:\/\/medianews.mx\/?p=98932"},"modified":"2026-09-04T14:07:23","modified_gmt":"2026-09-04T20:07:23","slug":"delincuentes-queman-camioneta-de-creador-de-contenido-y-fotografo-en-jiquilpan","status":"publish","type":"post","link":"https:\/\/medianews.mx\/index.php\/2026\/09\/04\/delincuentes-queman-camioneta-de-creador-de-contenido-y-fotografo-en-jiquilpan\/","title":{"rendered":"Delincuentes queman camioneta de creador de contenido y fot\u00f3grafo, en Jiquilpan"},"content":{"rendered":"<p>RED 113 MICHOAC\u00c1N\/Redacci\u00f3n<\/p>\n<p>Jiquilpan, Mich.- Viernes 4 de septiembre de 2026.- Durante la madrugada de este viernes, delincuentes quemaron la camioneta de un conocido creador de contenido y fot\u00f3grafo en el municipio de Jiquilpan.<\/p>\n<p>De acuerdo con los primeros reportes, minutos antes de las 06:00 horas el propio afectado a trav\u00e9s de una transmisi\u00f3n en vivo dio a conocer el ataque incendiario, presuntamente ocasionado con bombas molotov, en contra de su veh\u00edculo, en la calle Cuauht\u00e9moc de la localidad de San Mart\u00edn Totol\u00e1n.<\/p>\n<p>Los hechos fueron reportados al n\u00famero de emergencias 911, lo que moviliz\u00f3 al personal de Protecci\u00f3n Civil y Bomberos, quienes a su llegada encontraron en llamas una camioneta Ford Escape de color gris, con placas del estado de Jalisco.<\/p>\n<p>Los vulcanos combatieron por varios minutos el fuego hasta eliminarlo, sin que por fortuna se reportaran personas heridas y evitando que el siniestro se extendiera a otras \u00e1reas.<\/p>\n<p>Trascendi\u00f3 que la camioneta quemada es propiedad de Ricardo Rojas, reconocido creador de contenido para sus redes sociales \u201cRicardo Rojas Fot\u00f3grafo\u201d. Se espera que la parte afectada presente la correspondiente denuncia ante las autoridades para que se contin\u00faen con las investigaciones que permitan esclarecimiento de los hechos.<\/p>\n<p><img loading=\"lazy\" decoding=\"async\" class=\"alignnone size-medium wp-image-98933\" src=\"https:\/\/medianews.mx\/wp-content\/uploads\/2026\/09\/WhatsApp-Image-2026-09-04-at-1.43.37-PM-300x261.jpeg\" alt=\"\" width=\"300\" height=\"261\" srcset=\"https:\/\/medianews.mx\/wp-content\/uploads\/2026\/09\/WhatsApp-Image-2026-09-04-at-1.43.37-PM-300x261.jpeg 300w, https:\/\/medianews.mx\/wp-content\/uploads\/2026\/09\/WhatsApp-Image-2026-09-04-at-1.43.37-PM-1024x889.jpeg 1024w, https:\/\/medianews.mx\/wp-content\/uploads\/2026\/09\/WhatsApp-Image-2026-09-04-at-1.43.37-PM-768x667.jpeg 768w, https:\/\/medianews.mx\/wp-content\/uploads\/2026\/09\/WhatsApp-Image-2026-09-04-at-1.43.37-PM-150x130.jpeg 150w, https:\/\/medianews.mx\/wp-content\/uploads\/2026\/09\/WhatsApp-Image-2026-09-04-at-1.43.37-PM-696x604.jpeg 696w, https:\/\/medianews.mx\/wp-content\/uploads\/2026\/09\/WhatsApp-Image-2026-09-04-at-1.43.37-PM-1068x928.jpeg 1068w, https:\/\/medianews.mx\/wp-content\/uploads\/2026\/09\/WhatsApp-Image-2026-09-04-at-1.43.37-PM.jpeg 1080w\" sizes=\"auto, (max-width: 300px) 100vw, 300px\" \/><\/p>\n","protected":false},"excerpt":{"rendered":"<p>RED 113 MICHOAC\u00c1N\/Redacci\u00f3n Jiquilpan, Mich.- Viernes 4 de septiembre de 2026.- Durante la madrugada de este viernes, delincuentes quemaron la camioneta de un conocido creador de contenido y fot\u00f3grafo en el municipio de Jiquilpan. De acuerdo con los primeros reportes, minutos antes de las 06:00 horas el propio afectado a trav\u00e9s de una transmisi\u00f3n en [&hellip;]<\/p>\n","protected":false},"author":2,"featured_media":98933,"comment_status":"closed","ping_status":"closed","sticky":false,"template":"","format":"standard","meta":{"om_disable_all_campaigns":false,"_monsterinsights_skip_tracking":false,"_uf_show_specific_survey":0,"_uf_disable_surveys":false,"_jetpack_memberships_contains_paid_content":false,"footnotes":"","jetpack_publicize_message":"","jetpack_publicize_feature_enabled":true,"jetpack_social_post_already_shared":true,"jetpack_social_options":{"image_generator_settings":{"template":"highway","default_image_id":0,"enabled":false},"version":2}},"categories":[15],"tags":[205,346,353,1824],"class_list":["post-98932","post","type-post","status-publish","format-standard","has-post-thumbnail","category-michoacan","tag-camioneta","tag-delincuentes","tag-jiquilpan","tag-queman"],"aioseo_notices":[],"jetpack_publicize_connections":[],"jetpack_featured_media_url":"https:\/\/medianews.mx\/wp-content\/uploads\/2026\/09\/WhatsApp-Image-2026-09-04-at-1.43.37-PM.jpeg","jetpack_sharing_enabled":true,"_links":{"self":[{"href":"https:\/\/medianews.mx\/index.php\/wp-json\/wp\/v2\/posts\/98932","targetHints":{"allow":["GET"]}}],"collection":[{"href":"https:\/\/medianews.mx\/index.php\/wp-json\/wp\/v2\/posts"}],"about":[{"href":"https:\/\/medianews.mx\/index.php\/wp-json\/wp\/v2\/types\/post"}],"author":[{"embeddable":true,"href":"https:\/\/medianews.mx\/index.php\/wp-json\/wp\/v2\/users\/2"}],"replies":[{"embeddable":true,"href":"https:\/\/medianews.mx\/index.php\/wp-json\/wp\/v2\/comments?post=98932"}],"version-history":[{"count":1,"href":"https:\/\/medianews.mx\/index.php\/wp-json\/wp\/v2\/posts\/98932\/revisions"}],"predecessor-version":[{"id":98934,"href":"https:\/\/medianews.mx\/index.php\/wp-json\/wp\/v2\/posts\/98932\/revisions\/98934"}],"wp:featuredmedia":[{"embeddable":true,"href":"https:\/\/medianews.mx\/index.php\/wp-json\/wp\/v2\/media\/98933"}],"wp:attachment":[{"href":"https:\/\/medianews.mx\/index.php\/wp-json\/wp\/v2\/media?parent=98932"}],"wp:term":[{"taxonomy":"category","embeddable":true,"href":"https:\/\/medianews.mx\/index.php\/wp-json\/wp\/v2\/categories?post=98932"},{"taxonomy":"post_tag","embeddable":true,"href":"https:\/\/medianews.mx\/index.php\/wp-json\/wp\/v2\/tags?post=98932"}],"curies":[{"name":"wp","href":"https:\/\/api.w.org\/{rel}","templated":true}]}}