{"id":98944,"date":"2026-09-04T16:24:38","date_gmt":"2026-09-04T22:24:38","guid":{"rendered":"https:\/\/medianews.mx\/?p=98944"},"modified":"2026-09-04T16:24:38","modified_gmt":"2026-09-04T22:24:38","slug":"patzcuaro-michoacan-bajo-fuego-alcalde-arreola-presume-seguridad-pero-pide-ayuda-a-federacion-por-amenazas-ciudadania-a-su-suerte-ni-los-policias-estan-a-salvo","status":"publish","type":"post","link":"https:\/\/medianews.mx\/index.php\/2026\/09\/04\/patzcuaro-michoacan-bajo-fuego-alcalde-arreola-presume-seguridad-pero-pide-ayuda-a-federacion-por-amenazas-ciudadania-a-su-suerte-ni-los-policias-estan-a-salvo\/","title":{"rendered":"P\u00e1tzcuaro, Michoac\u00e1n, bajo fuego: Alcalde Arreola presume seguridad, pero pide ayuda a federaci\u00f3n por amenazas; ciudadan\u00eda a su suerte, ni los polic\u00edas est\u00e1n a salvo\u00a0"},"content":{"rendered":"<p>P\u00e1tzcuaro, Michoac\u00e1n, a 4 de septiembre de 2026.\u2014 Mientras el gobierno municipal de Julio Alberto Arreola V\u00e1zquez insiste en presumir avances en materia de seguridad y presenta a P\u00e1tzcuaro como un municipio tranquilo, los hechos registrados durante 2026 dibujan una realidad mucho menos c\u00f3moda: homicidios, ataques armados, enfrentamientos, presunta actividad de grupos criminales y polic\u00edas municipales heridos.<\/p>\n<p>La pregunta ya no es solamente qu\u00e9 tan seguro dice estar P\u00e1tzcuaro, sino qu\u00e9 tan seguro est\u00e1 realmente.<\/p>\n<p>Y los acontecimientos de los \u00faltimos meses han dejado suficientes interrogantes sobre la capacidad del Ayuntamiento para contener una violencia que, en distintos momentos, ha terminado alcanzando calles, carreteras, negocios y hasta a los propios elementos encargados de proteger a la poblaci\u00f3n.<\/p>\n<p>Nueve muertos en una sola jornada<\/p>\n<p>Uno de los episodios m\u00e1s graves ocurri\u00f3 en mayo, cuando una jornada violenta dej\u00f3 nueve personas muertas en hechos relacionados con P\u00e1tzcuaro.<\/p>\n<p>La Fiscal\u00eda General del Estado se\u00f1al\u00f3 entonces como una de las principales l\u00edneas de investigaci\u00f3n una disputa entre grupos del crimen organizado. D\u00edas despu\u00e9s fue detenido un hombre identificado como presunto jefe de plaza de Los Templarios en P\u00e1tzcuaro y Apatzing\u00e1n.<\/p>\n<p>El episodio resulta particularmente inc\u00f3modo para el discurso oficial.<br \/>\nPorque una cosa es hablar de una ciudad tranquila y otra muy distinta es que las autoridades investigadoras describan una confrontaci\u00f3n criminal capaz de dejar nueve muertos en un solo d\u00eda.<\/p>\n<p>La violencia tampoco se qued\u00f3 en mayo<\/p>\n<p>El a\u00f1o sigui\u00f3 acumulando episodios violentos.<\/p>\n<p>En enero, un restaurantero fue asesinado dentro de su propio establecimiento sobre la carretera P\u00e1tzcuaro-Erongar\u00edcuaro.<br \/>\nEn junio, una agresi\u00f3n armada contra una camioneta dej\u00f3 un muerto y tres personas lesionadas.<\/p>\n<p>En julio, dos hombres fueron asesinados a balazos en un lote de autom\u00f3viles ubicado sobre la salida P\u00e1tzcuaro-Zirahu\u00e9n.<br \/>\nEn este \u00faltimo caso, la Fiscal\u00eda inform\u00f3 posteriormente sobre la detenci\u00f3n de cuatro personas y estableci\u00f3 como principal l\u00ednea de investigaci\u00f3n el robo, una precisi\u00f3n importante porque no todos los homicidios pueden atribuirse autom\u00e1ticamente al crimen organizado.<br \/>\nPero el resultado para los habitantes sigue siendo el mismo: personas asesinadas a tiros en distintos puntos del municipio y su zona de influencia.<\/p>\n<p>Y septiembre comenz\u00f3 con una balacera<\/p>\n<p>El golpe m\u00e1s reciente lleg\u00f3 apenas el 2 de septiembre.<\/p>\n<p>Un reporte sobre un presunto secuestro moviliz\u00f3 a polic\u00edas en las inmediaciones de las v\u00edas de la estaci\u00f3n de P\u00e1tzcuaro. La intervenci\u00f3n termin\u00f3 en una persecuci\u00f3n y un enfrentamiento armado. Un polic\u00eda result\u00f3 lesionado, mientras que los presuntos agresores consiguieron escapar.<\/p>\n<p>El episodio vuelve a colocar en duda el papel de Julio Arreola al frente del gobierno y pone sobre la mesa una pregunta inc\u00f3moda para el gobierno municipal: \u00bfQui\u00e9n est\u00e1 controlando realmente las calles de P\u00e1tzcuaro cuando una intervenci\u00f3n policial por un presunto secuestro termina convertida en una persecuci\u00f3n y balacera?<\/p>\n<p>El alcalde tambi\u00e9n ha pedido ayuda<\/p>\n<p>Existe adem\u00e1s una contradicci\u00f3n dif\u00edcil de ignorar.<\/p>\n<p>El propio Julio Arreola ha reconocido p\u00fablicamente haber recibido amenazas atribuidas a presuntos grupos criminales y ha solicitado mayor presencia de fuerzas federales.<\/p>\n<p>Es decir, mientras el discurso institucional busca transmitir tranquilidad, el propio presidente municipal ha admitido que la presi\u00f3n de la delincuencia es suficientemente seria como para requerir respaldo de corporaciones estatales y federales.<\/p>\n<p>ante esta situaci\u00f3n, el gobierno municipal debe rendir cuentas sobre los resultados de la estrategia de seguridad que encabeza.<\/p>\n<p>\u00bfD\u00f3nde est\u00e1 el blindaje?<\/p>\n<p>La administraci\u00f3n municipal ha presumido coordinaci\u00f3n con las fuerzas estatales y federales, recorridos y acciones para mantener la tranquilidad.<\/p>\n<p>Sin embargo, cada nuevo episodio violento vuelve a poner a prueba esa narrativa.<br \/>\n\u00bfHay suficientes polic\u00edas? \u00bfEst\u00e1n capacitados? \u00bfCu\u00e1ntas patrullas funcionan? \u00bfCu\u00e1nto dinero se est\u00e1 destinando realmente a seguridad? \u00bfCu\u00e1nto tarda una unidad en llegar a una emergencia? \u00bfCu\u00e1ntos delitos se denuncian? \u00bfCu\u00e1ntos responsables terminan detenidos y procesados?<\/p>\n<p>Y, sobre todo: \u00bfLos ciudadanos se sienten m\u00e1s seguros que hace un a\u00f1o?<\/p>\n<p>Seguridad en el discurso, violencia en las calles<\/p>\n<p>El problema para el Ayuntamiento es que la seguridad no se puede medir solamente con discursos, informes de gobierno o fotograf\u00edas de patrullajes; se mide cuando una familia puede abrir su negocio sin temor.<\/p>\n<p>Cuando un ciudadano puede transitar por una carretera sin quedar atrapado en una persecuci\u00f3n armada, o un polic\u00eda puede responder a una emergencia sin convertirse en v\u00edctima.<\/p>\n<p>P\u00e1tzcuaro es uno de los principales destinos tur\u00edsticos de Michoac\u00e1n y su imagen de tranquilidad tiene adem\u00e1s una importancia econ\u00f3mica evidente. Por ello,\u00a0mientras el gobierno de Julio Arreola presume seguridad, los hechos de 2026 obligan a mirar una realidad distinta.<\/p>\n<p>Una realidad en la que hubo una jornada con nueve muertos, homicidios en establecimientos y vialidades, ataques armados, presunta presencia de estructuras criminales y, ahora, un polic\u00eda municipal herido tras atender un reporte de presunto secuestro.<\/p>\n<p>P\u00e1tzcuaro no necesita \u00fanicamente discursos de tranquilidad, sino resultados de sus autoridades<\/p>\n<p>Y a estas alturas del a\u00f1o, la pregunta que queda flotando sobre el gobierno de Arreola es inevitable: Si P\u00e1tzcuaro est\u00e1 tan seguro como presume el Ayuntamiento, \u00bfpor qu\u00e9 la violencia sigue encontrando la manera de aparecer en sus calles?<\/p>\n<p><img loading=\"lazy\" decoding=\"async\" class=\"alignnone size-medium wp-image-98945\" src=\"https:\/\/medianews.mx\/wp-content\/uploads\/2026\/09\/WhatsApp-Image-2026-09-04-at-4.23.20-PM-300x130.jpeg\" alt=\"\" width=\"300\" height=\"130\" srcset=\"https:\/\/medianews.mx\/wp-content\/uploads\/2026\/09\/WhatsApp-Image-2026-09-04-at-4.23.20-PM-300x130.jpeg 300w, https:\/\/medianews.mx\/wp-content\/uploads\/2026\/09\/WhatsApp-Image-2026-09-04-at-4.23.20-PM-768x333.jpeg 768w, https:\/\/medianews.mx\/wp-content\/uploads\/2026\/09\/WhatsApp-Image-2026-09-04-at-4.23.20-PM-150x65.jpeg 150w, https:\/\/medianews.mx\/wp-content\/uploads\/2026\/09\/WhatsApp-Image-2026-09-04-at-4.23.20-PM-696x302.jpeg 696w, https:\/\/medianews.mx\/wp-content\/uploads\/2026\/09\/WhatsApp-Image-2026-09-04-at-4.23.20-PM.jpeg 1022w\" sizes=\"auto, (max-width: 300px) 100vw, 300px\" \/><\/p>\n","protected":false},"excerpt":{"rendered":"<p>P\u00e1tzcuaro, Michoac\u00e1n, a 4 de septiembre de 2026.\u2014 Mientras el gobierno municipal de Julio Alberto Arreola V\u00e1zquez insiste en presumir avances en materia de seguridad y presenta a P\u00e1tzcuaro como un municipio tranquilo, los hechos registrados durante 2026 dibujan una realidad mucho menos c\u00f3moda: homicidios, ataques armados, enfrentamientos, presunta actividad de grupos criminales y polic\u00edas [&hellip;]<\/p>\n","protected":false},"author":2,"featured_media":98945,"comment_status":"closed","ping_status":"closed","sticky":false,"template":"","format":"standard","meta":{"om_disable_all_campaigns":false,"_monsterinsights_skip_tracking":false,"_uf_show_specific_survey":0,"_uf_disable_surveys":false,"_jetpack_memberships_contains_paid_content":false,"footnotes":"","jetpack_publicize_message":"P\u00e1tzcuaro, Michoac\u00e1n, bajo fuego: Alcalde Arreola presume seguridad, pero pide ayuda a federaci\u00f3n por amenazas; ciudadan\u00eda a su suerte, ni los polic\u00edas est\u00e1n a salvo","jetpack_publicize_feature_enabled":true,"jetpack_social_post_already_shared":true,"jetpack_social_options":{"image_generator_settings":{"template":"highway","default_image_id":0,"enabled":false},"version":2}},"categories":[15,63],"tags":[],"class_list":["post-98944","post","type-post","status-publish","format-standard","has-post-thumbnail","category-michoacan","category-politica"],"aioseo_notices":[],"jetpack_publicize_connections":[],"jetpack_featured_media_url":"https:\/\/medianews.mx\/wp-content\/uploads\/2026\/09\/WhatsApp-Image-2026-09-04-at-4.23.20-PM.jpeg","jetpack_sharing_enabled":true,"_links":{"self":[{"href":"https:\/\/medianews.mx\/index.php\/wp-json\/wp\/v2\/posts\/98944","targetHints":{"allow":["GET"]}}],"collection":[{"href":"https:\/\/medianews.mx\/index.php\/wp-json\/wp\/v2\/posts"}],"about":[{"href":"https:\/\/medianews.mx\/index.php\/wp-json\/wp\/v2\/types\/post"}],"author":[{"embeddable":true,"href":"https:\/\/medianews.mx\/index.php\/wp-json\/wp\/v2\/users\/2"}],"replies":[{"embeddable":true,"href":"https:\/\/medianews.mx\/index.php\/wp-json\/wp\/v2\/comments?post=98944"}],"version-history":[{"count":1,"href":"https:\/\/medianews.mx\/index.php\/wp-json\/wp\/v2\/posts\/98944\/revisions"}],"predecessor-version":[{"id":98946,"href":"https:\/\/medianews.mx\/index.php\/wp-json\/wp\/v2\/posts\/98944\/revisions\/98946"}],"wp:featuredmedia":[{"embeddable":true,"href":"https:\/\/medianews.mx\/index.php\/wp-json\/wp\/v2\/media\/98945"}],"wp:attachment":[{"href":"https:\/\/medianews.mx\/index.php\/wp-json\/wp\/v2\/media?parent=98944"}],"wp:term":[{"taxonomy":"category","embeddable":true,"href":"https:\/\/medianews.mx\/index.php\/wp-json\/wp\/v2\/categories?post=98944"},{"taxonomy":"post_tag","embeddable":true,"href":"https:\/\/medianews.mx\/index.php\/wp-json\/wp\/v2\/tags?post=98944"}],"curies":[{"name":"wp","href":"https:\/\/api.w.org\/{rel}","templated":true}]}}