{"id":98952,"date":"2026-09-05T10:41:37","date_gmt":"2026-09-05T16:41:37","guid":{"rendered":"https:\/\/medianews.mx\/?p=98952"},"modified":"2026-09-05T10:41:37","modified_gmt":"2026-09-05T16:41:37","slug":"por-primera-vez-la-totalidad-de-los-municipios-michoacanos-seran-auditados-luis-navarro","status":"publish","type":"post","link":"https:\/\/medianews.mx\/index.php\/2026\/09\/05\/por-primera-vez-la-totalidad-de-los-municipios-michoacanos-seran-auditados-luis-navarro\/","title":{"rendered":"Por primera vez, la totalidad de los municipios michoacanos ser\u00e1n auditados: Luis Navarro"},"content":{"rendered":"<p>*Morelia, Michoac\u00e1n, 4 de septiembre de 2026.-* Por primera vez en la historia de Michoac\u00e1n, derivado del convenio entre la Auditor\u00eda Superior de la Federaci\u00f3n y la del Estado, la totalidad de los municipios ser\u00e1n auditados este a\u00f1o, lo cual es un esfuerzo institucional de gran alcance en materia de fiscalizaci\u00f3n, declar\u00f3 el secretario de Finanzas y Administraci\u00f3n, Luis Navarro, durante el acto de Firma de Actas de Apertura de Auditor\u00edas.<\/p>\n<p>Durante el desarrollo de la apertura de Auditor\u00edas Integrales a Gasto del Recurso Federalizado de la Cuenta P\u00fablica, a la que asistieron alcaldes y funcionarios p\u00fablicos federales, estatales y municipales, el tesorero de Michoac\u00e1n reconoci\u00f3 p\u00fablicamente la coordinaci\u00f3n y el trabajo institucional y responsable de las partes involucradas, pol\u00edtica que definitivamente propiciar\u00e1 m\u00e1s orden en el manejo y la rendici\u00f3n de las finanzas p\u00fablicas y mayor transparencia.<\/p>\n<p>En representaci\u00f3n del gobernador Alfredo Ram\u00edrez Bedolla, manifest\u00f3 que en la administraci\u00f3n estatal \u00abtenemos la convicci\u00f3n de que la fiscalizaci\u00f3n no debe entenderse \u00fanicamente en el sentido de un mecanismo de revisi\u00f3n, sino tambi\u00e9n como una herramienta para prevenir errores, corregir \u00e1reas de oportunidad y construir mejores instituciones al servicio de la poblaci\u00f3n michoacana\u00bb.<\/p>\n<p>Se cont\u00f3 con la participaci\u00f3n del auditor Superior de Michoac\u00e1n, Marco Antonio Bravo Pantoja; el auditor Especializado en Municipios, Juan Roberto Castillo Cruz, el representante del auditor Superior de la Federaci\u00f3n, Aureliano Hern\u00e1ndez Palacios Cardiel; as\u00ed como la representante de la Unidad de Atenci\u00f3n Ciudadana de la Auditor\u00eda Superior de la Federaci\u00f3n, Elizabeth Caro Lopez.<br \/>\n<img loading=\"lazy\" decoding=\"async\" class=\"alignnone size-medium wp-image-98953\" src=\"https:\/\/medianews.mx\/wp-content\/uploads\/2026\/09\/1d916ff8-e712-4e01-80eb-ed4603956134-300x200.jpeg\" alt=\"\" width=\"300\" height=\"200\" srcset=\"https:\/\/medianews.mx\/wp-content\/uploads\/2026\/09\/1d916ff8-e712-4e01-80eb-ed4603956134-300x200.jpeg 300w, https:\/\/medianews.mx\/wp-content\/uploads\/2026\/09\/1d916ff8-e712-4e01-80eb-ed4603956134-1024x683.jpeg 1024w, https:\/\/medianews.mx\/wp-content\/uploads\/2026\/09\/1d916ff8-e712-4e01-80eb-ed4603956134-768x512.jpeg 768w, https:\/\/medianews.mx\/wp-content\/uploads\/2026\/09\/1d916ff8-e712-4e01-80eb-ed4603956134-150x100.jpeg 150w, https:\/\/medianews.mx\/wp-content\/uploads\/2026\/09\/1d916ff8-e712-4e01-80eb-ed4603956134-696x464.jpeg 696w, https:\/\/medianews.mx\/wp-content\/uploads\/2026\/09\/1d916ff8-e712-4e01-80eb-ed4603956134-1068x713.jpeg 1068w, https:\/\/medianews.mx\/wp-content\/uploads\/2026\/09\/1d916ff8-e712-4e01-80eb-ed4603956134.jpeg 1280w\" sizes=\"auto, (max-width: 300px) 100vw, 300px\" \/><\/p>\n","protected":false},"excerpt":{"rendered":"<p>*Morelia, Michoac\u00e1n, 4 de septiembre de 2026.-* Por primera vez en la historia de Michoac\u00e1n, derivado del convenio entre la Auditor\u00eda Superior de la Federaci\u00f3n y la del Estado, la totalidad de los municipios ser\u00e1n auditados este a\u00f1o, lo cual es un esfuerzo institucional de gran alcance en materia de fiscalizaci\u00f3n, declar\u00f3 el secretario de [&hellip;]<\/p>\n","protected":false},"author":2,"featured_media":98953,"comment_status":"closed","ping_status":"closed","sticky":false,"template":"","format":"standard","meta":{"om_disable_all_campaigns":false,"_monsterinsights_skip_tracking":false,"_uf_show_specific_survey":0,"_uf_disable_surveys":false,"_jetpack_memberships_contains_paid_content":false,"footnotes":"","jetpack_publicize_message":"Por primera vez, la totalidad de los municipios michoacanos ser\u00e1n auditados: Luis Navarro\r\n\r\n*Auditor\u00edas al gasto federalizado, un paso significativo en la fiscalizaci\u00f3n institucional.","jetpack_publicize_feature_enabled":true,"jetpack_social_post_already_shared":true,"jetpack_social_options":{"image_generator_settings":{"template":"highway","default_image_id":0,"enabled":false},"version":2}},"categories":[15],"tags":[],"class_list":["post-98952","post","type-post","status-publish","format-standard","has-post-thumbnail","category-michoacan"],"aioseo_notices":[],"jetpack_publicize_connections":[],"jetpack_featured_media_url":"https:\/\/medianews.mx\/wp-content\/uploads\/2026\/09\/1d916ff8-e712-4e01-80eb-ed4603956134.jpeg","jetpack_sharing_enabled":true,"_links":{"self":[{"href":"https:\/\/medianews.mx\/index.php\/wp-json\/wp\/v2\/posts\/98952","targetHints":{"allow":["GET"]}}],"collection":[{"href":"https:\/\/medianews.mx\/index.php\/wp-json\/wp\/v2\/posts"}],"about":[{"href":"https:\/\/medianews.mx\/index.php\/wp-json\/wp\/v2\/types\/post"}],"author":[{"embeddable":true,"href":"https:\/\/medianews.mx\/index.php\/wp-json\/wp\/v2\/users\/2"}],"replies":[{"embeddable":true,"href":"https:\/\/medianews.mx\/index.php\/wp-json\/wp\/v2\/comments?post=98952"}],"version-history":[{"count":1,"href":"https:\/\/medianews.mx\/index.php\/wp-json\/wp\/v2\/posts\/98952\/revisions"}],"predecessor-version":[{"id":98954,"href":"https:\/\/medianews.mx\/index.php\/wp-json\/wp\/v2\/posts\/98952\/revisions\/98954"}],"wp:featuredmedia":[{"embeddable":true,"href":"https:\/\/medianews.mx\/index.php\/wp-json\/wp\/v2\/media\/98953"}],"wp:attachment":[{"href":"https:\/\/medianews.mx\/index.php\/wp-json\/wp\/v2\/media?parent=98952"}],"wp:term":[{"taxonomy":"category","embeddable":true,"href":"https:\/\/medianews.mx\/index.php\/wp-json\/wp\/v2\/categories?post=98952"},{"taxonomy":"post_tag","embeddable":true,"href":"https:\/\/medianews.mx\/index.php\/wp-json\/wp\/v2\/tags?post=98952"}],"curies":[{"name":"wp","href":"https:\/\/api.w.org\/{rel}","templated":true}]}}