{"id":98967,"date":"2026-09-05T17:10:45","date_gmt":"2026-09-05T23:10:45","guid":{"rendered":"https:\/\/medianews.mx\/?p=98967"},"modified":"2026-09-05T17:10:45","modified_gmt":"2026-09-05T23:10:45","slug":"periodista-muere-en-accidente-vehicular-en-lazaro-cardenas","status":"publish","type":"post","link":"https:\/\/medianews.mx\/index.php\/2026\/09\/05\/periodista-muere-en-accidente-vehicular-en-lazaro-cardenas\/","title":{"rendered":"Periodista muere en accidente vehicular en L\u00e1zaro C\u00e1rdenas"},"content":{"rendered":"<p>RED 113 MICHOAC\u00c1N\/Redacci\u00f3n<\/p>\n<p>L\u00e1zaro C\u00e1rdenas, Mich.- S\u00e1bado 5 de septiembre de 2026.- El periodista y comunicador Michel Torres Villanueva perdi\u00f3 la vida durante la madrugada de este s\u00e1bado, tras sufrir un accidente vehicular sobre la avenida Melchor Ocampo, en esta ciudad portuaria.<\/p>\n<p>De acuerdo con la informaci\u00f3n obtenida en la labor period\u00edstica, el comunicador circulaba a bordo de un autom\u00f3vil Dodge Atos, color blanco, en direcci\u00f3n hacia la zona del Tecnol\u00f3gico, cuando al transitar por la colonia Infonavit Nuevo Horizonte perdi\u00f3 el control de la unidad por causas que hasta el momento son materia de investigaci\u00f3n.<\/p>\n<p>El veh\u00edculo sali\u00f3 de su trayectoria y se impact\u00f3 contra una estructura de concreto de un desag\u00fce pluvial, donde qued\u00f3 severamente da\u00f1ado.<\/p>\n<p>Tras el reporte del percance, al sitio se movilizaron elementos de Seguridad Vial y param\u00e9dicos, quienes revisaron al conductor y confirmaron que ya no contaba con signos vitales.<\/p>\n<p>La v\u00edctima fue identificada como Michel Torres Villanueva, reconocido periodista y comunicador, adem\u00e1s de haber colaborado como corresponsal para distintos medios de comunicaci\u00f3n y actualmente se desempe\u00f1aba como Jefe de de Comunicaci\u00f3n Social del H. Ayuntamiento de L\u00e1zaro.<\/p>\n<p>Posteriormente, el personal de la Fiscal\u00eda General del Estado acudi\u00f3 al lugar para realizar las actuaciones correspondientes y trasladar el cuerpo al Servicio M\u00e9dico Forense.<\/p>\n<p>Tras conocerse la noticia, periodistas, comunicadores y representantes de distintos medios de la regi\u00f3n expresaron sus condolencias y solidaridad con familiares y seres queridos de Michel Torres, al tiempo que lamentaron profundamente la p\u00e9rdida de un compa\u00f1ero del gremio period\u00edstico. En Paz Descanse Michel Torres Villanueva.<br \/>\n<img loading=\"lazy\" decoding=\"async\" class=\"alignnone size-medium wp-image-98968\" src=\"https:\/\/medianews.mx\/wp-content\/uploads\/2026\/09\/656df7c5-9b98-481f-b97c-e881bed70da1-244x300.jpeg\" alt=\"\" width=\"244\" height=\"300\" srcset=\"https:\/\/medianews.mx\/wp-content\/uploads\/2026\/09\/656df7c5-9b98-481f-b97c-e881bed70da1-244x300.jpeg 244w, https:\/\/medianews.mx\/wp-content\/uploads\/2026\/09\/656df7c5-9b98-481f-b97c-e881bed70da1-832x1024.jpeg 832w, https:\/\/medianews.mx\/wp-content\/uploads\/2026\/09\/656df7c5-9b98-481f-b97c-e881bed70da1-768x946.jpeg 768w, https:\/\/medianews.mx\/wp-content\/uploads\/2026\/09\/656df7c5-9b98-481f-b97c-e881bed70da1-150x185.jpeg 150w, https:\/\/medianews.mx\/wp-content\/uploads\/2026\/09\/656df7c5-9b98-481f-b97c-e881bed70da1-300x369.jpeg 300w, https:\/\/medianews.mx\/wp-content\/uploads\/2026\/09\/656df7c5-9b98-481f-b97c-e881bed70da1-324x400.jpeg 324w, https:\/\/medianews.mx\/wp-content\/uploads\/2026\/09\/656df7c5-9b98-481f-b97c-e881bed70da1-696x857.jpeg 696w, https:\/\/medianews.mx\/wp-content\/uploads\/2026\/09\/656df7c5-9b98-481f-b97c-e881bed70da1.jpeg 960w\" sizes=\"auto, (max-width: 244px) 100vw, 244px\" \/><\/p>\n","protected":false},"excerpt":{"rendered":"<p>RED 113 MICHOAC\u00c1N\/Redacci\u00f3n L\u00e1zaro C\u00e1rdenas, Mich.- S\u00e1bado 5 de septiembre de 2026.- El periodista y comunicador Michel Torres Villanueva perdi\u00f3 la vida durante la madrugada de este s\u00e1bado, tras sufrir un accidente vehicular sobre la avenida Melchor Ocampo, en esta ciudad portuaria. De acuerdo con la informaci\u00f3n obtenida en la labor period\u00edstica, el comunicador circulaba [&hellip;]<\/p>\n","protected":false},"author":2,"featured_media":98968,"comment_status":"closed","ping_status":"closed","sticky":false,"template":"","format":"standard","meta":{"om_disable_all_campaigns":false,"_monsterinsights_skip_tracking":false,"_uf_show_specific_survey":0,"_uf_disable_surveys":false,"_jetpack_memberships_contains_paid_content":false,"footnotes":"","jetpack_publicize_message":"","jetpack_publicize_feature_enabled":true,"jetpack_social_post_already_shared":true,"jetpack_social_options":{"image_generator_settings":{"template":"highway","default_image_id":0,"enabled":false},"version":2}},"categories":[36],"tags":[],"class_list":["post-98967","post","type-post","status-publish","format-standard","has-post-thumbnail","category-michoacanseguridad"],"aioseo_notices":[],"jetpack_publicize_connections":[],"jetpack_featured_media_url":"https:\/\/medianews.mx\/wp-content\/uploads\/2026\/09\/656df7c5-9b98-481f-b97c-e881bed70da1.jpeg","jetpack_sharing_enabled":true,"_links":{"self":[{"href":"https:\/\/medianews.mx\/index.php\/wp-json\/wp\/v2\/posts\/98967","targetHints":{"allow":["GET"]}}],"collection":[{"href":"https:\/\/medianews.mx\/index.php\/wp-json\/wp\/v2\/posts"}],"about":[{"href":"https:\/\/medianews.mx\/index.php\/wp-json\/wp\/v2\/types\/post"}],"author":[{"embeddable":true,"href":"https:\/\/medianews.mx\/index.php\/wp-json\/wp\/v2\/users\/2"}],"replies":[{"embeddable":true,"href":"https:\/\/medianews.mx\/index.php\/wp-json\/wp\/v2\/comments?post=98967"}],"version-history":[{"count":1,"href":"https:\/\/medianews.mx\/index.php\/wp-json\/wp\/v2\/posts\/98967\/revisions"}],"predecessor-version":[{"id":98969,"href":"https:\/\/medianews.mx\/index.php\/wp-json\/wp\/v2\/posts\/98967\/revisions\/98969"}],"wp:featuredmedia":[{"embeddable":true,"href":"https:\/\/medianews.mx\/index.php\/wp-json\/wp\/v2\/media\/98968"}],"wp:attachment":[{"href":"https:\/\/medianews.mx\/index.php\/wp-json\/wp\/v2\/media?parent=98967"}],"wp:term":[{"taxonomy":"category","embeddable":true,"href":"https:\/\/medianews.mx\/index.php\/wp-json\/wp\/v2\/categories?post=98967"},{"taxonomy":"post_tag","embeddable":true,"href":"https:\/\/medianews.mx\/index.php\/wp-json\/wp\/v2\/tags?post=98967"}],"curies":[{"name":"wp","href":"https:\/\/api.w.org\/{rel}","templated":true}]}}