{"id":98970,"date":"2026-09-05T17:14:50","date_gmt":"2026-09-05T23:14:50","guid":{"rendered":"https:\/\/medianews.mx\/?p=98970"},"modified":"2026-09-05T17:14:50","modified_gmt":"2026-09-05T23:14:50","slug":"estudiantes-de-alto-rendimiento-de-la-umsnh-participaron-en-el-encuentro-mexico-siglo-xxi-2026","status":"publish","type":"post","link":"https:\/\/medianews.mx\/index.php\/2026\/09\/05\/estudiantes-de-alto-rendimiento-de-la-umsnh-participaron-en-el-encuentro-mexico-siglo-xxi-2026\/","title":{"rendered":"Estudiantes de Alto rendimiento de la UMSNH participaron en el encuentro M\u00e9xico Siglo XXI 2026"},"content":{"rendered":"<p>Ciudad de M\u00e9xico, a 05 de septiembre de 2026.\u2013 Un grupo de 60 estudiantes de alto rendimiento acad\u00e9mico y deportivo de la Universidad Michoacana de San Nicol\u00e1s de Hidalgo (UMSNH) particip\u00f3 en el encuentro M\u00e9xico Siglo XXI 2026, realizado por la Fundaci\u00f3n Telmex Telcel.<\/p>\n<p>La rectora Yarab\u00ed \u00c1vila Gonz\u00e1lez destac\u00f3 el compromiso, el esfuerzo y la constancia que las y los nicolaitas que asistieron han mostrado con el estudio, as\u00ed como en diversas disciplinas deportivas, tras se\u00f1alar que este tipo de eventos fortalecen su formaci\u00f3n, ya que tienen la oportunidad de escuchar la experiencia de figuras nacionales e internacionales en el \u00e1mbito econ\u00f3mico, pol\u00edtico, de la ciencia, del deporte y de la cultura.<\/p>\n<p>Durante el encuentro realizado en el Auditorio Nacional de la Ciudad de M\u00e9xico, las alumnas y alumnos de la UMSNH asistieron acompa\u00f1ados por el secretario Acad\u00e9mico de la casa de estudios, Antonio Ramos Paz, al evento que reuni\u00f3 a alrededor de 10 mil becarias y becarios de la Fundaci\u00f3n Telmex Telcel, provenientes de universidades p\u00fablicas y privadas de todo el pa\u00eds.<\/p>\n<p>Bajo el lema \u201cCrea tu momento\u201d, M\u00e9xico Siglo XXI 2026 se convirti\u00f3 en un espacio de reflexi\u00f3n e inspiraci\u00f3n para las nuevas generaciones, con temas relacionados con el impacto de la Inteligencia Artificial, el desarrollo tecnol\u00f3gico, el liderazgo, la innovaci\u00f3n, el deporte y la superaci\u00f3n personal.<\/p>\n<p>El encuentro fue inaugurado por el presidente de dicha Fundaci\u00f3n, Carlos Slim Domit, quien destac\u00f3 los 30 a\u00f1os del programa de becas de la organizaci\u00f3n y la importancia de impulsar el talento y la preparaci\u00f3n de las juventudes mexicanas.<\/p>\n<p>Durante la jornada, las y los estudiantes tuvieron la oportunidad de escuchar las experiencias y reflexiones de personalidades de distintos \u00e1mbitos, entre ellas el ex primer ministro de Canad\u00e1, Justin Trudeau; la actriz y activista Charlize Theron; el compositor y productor brit\u00e1nico, Andrew Lloyd Webber; el atleta y maratonista espa\u00f1ol, \u00c1lex Roca; y el acad\u00e9mico y emprendedor, Scott Galloway.<\/p>\n<p>El deporte tambi\u00e9n ocup\u00f3 un lugar relevante mediante un panel integrado por Guillermo Ochoa, Javier Aguirre y Rafael M\u00e1rquez, quienes compartieron con las y los j\u00f3venes experiencias relacionadas con la disciplina, el trabajo en equipo, la perseverancia y la capacidad para afrontar retos. Asimismo, particip\u00f3 Arturo El\u00edas Ayub, director general de Fundaci\u00f3n Telmex Telcel.<\/p>\n<p>Para la Universidad Michoacana impulsar la participaci\u00f3n de su comunidad estudiantil en este tipo de espacios forma parte del compromiso de la administraci\u00f3n de la rectora Yarab\u00ed \u00c1vila, de acompa\u00f1ar y reconocer el talento de las y los nicolaitas, as\u00ed como de fomentar una educaci\u00f3n que trascienda las aulas y fortalezca competencias como el liderazgo, la innovaci\u00f3n, la responsabilidad social y la capacidad de adaptaci\u00f3n ante los cambios cient\u00edficos y tecnol\u00f3gicos.<\/p>\n<p>La asistencia a M\u00e9xico Siglo XXI 2026 permiti\u00f3 que las y los estudiantes regresaran a Michoac\u00e1n con nuevas experiencias y perspectivas, pero tambi\u00e9n con el reto de convertir el conocimiento, la disciplina y el talento en acciones que contribuyan al desarrollo de su Universidad y de la sociedad.<br \/>\n<img loading=\"lazy\" decoding=\"async\" class=\"alignnone size-medium wp-image-98971\" src=\"https:\/\/medianews.mx\/wp-content\/uploads\/2026\/09\/acd71d04-a40a-4a2d-ae3c-1e1aa0605086-300x225.jpeg\" alt=\"\" width=\"300\" height=\"225\" srcset=\"https:\/\/medianews.mx\/wp-content\/uploads\/2026\/09\/acd71d04-a40a-4a2d-ae3c-1e1aa0605086-300x225.jpeg 300w, https:\/\/medianews.mx\/wp-content\/uploads\/2026\/09\/acd71d04-a40a-4a2d-ae3c-1e1aa0605086-1024x768.jpeg 1024w, https:\/\/medianews.mx\/wp-content\/uploads\/2026\/09\/acd71d04-a40a-4a2d-ae3c-1e1aa0605086-768x576.jpeg 768w, https:\/\/medianews.mx\/wp-content\/uploads\/2026\/09\/acd71d04-a40a-4a2d-ae3c-1e1aa0605086-1536x1152.jpeg 1536w, https:\/\/medianews.mx\/wp-content\/uploads\/2026\/09\/acd71d04-a40a-4a2d-ae3c-1e1aa0605086-150x113.jpeg 150w, https:\/\/medianews.mx\/wp-content\/uploads\/2026\/09\/acd71d04-a40a-4a2d-ae3c-1e1aa0605086-696x522.jpeg 696w, https:\/\/medianews.mx\/wp-content\/uploads\/2026\/09\/acd71d04-a40a-4a2d-ae3c-1e1aa0605086-1068x801.jpeg 1068w, https:\/\/medianews.mx\/wp-content\/uploads\/2026\/09\/acd71d04-a40a-4a2d-ae3c-1e1aa0605086.jpeg 1600w\" sizes=\"auto, (max-width: 300px) 100vw, 300px\" \/><\/p>\n","protected":false},"excerpt":{"rendered":"<p>Ciudad de M\u00e9xico, a 05 de septiembre de 2026.\u2013 Un grupo de 60 estudiantes de alto rendimiento acad\u00e9mico y deportivo de la Universidad Michoacana de San Nicol\u00e1s de Hidalgo (UMSNH) particip\u00f3 en el encuentro M\u00e9xico Siglo XXI 2026, realizado por la Fundaci\u00f3n Telmex Telcel. La rectora Yarab\u00ed \u00c1vila Gonz\u00e1lez destac\u00f3 el compromiso, el esfuerzo y [&hellip;]<\/p>\n","protected":false},"author":2,"featured_media":98971,"comment_status":"closed","ping_status":"closed","sticky":false,"template":"","format":"standard","meta":{"om_disable_all_campaigns":false,"_monsterinsights_skip_tracking":false,"_uf_show_specific_survey":0,"_uf_disable_surveys":false,"_jetpack_memberships_contains_paid_content":false,"footnotes":"","jetpack_publicize_message":"Estudiantes de Alto rendimiento de la UMSNH participaron en el encuentro M\u00e9xico Siglo XXI 2026\r\n\r\n* La rectora Yarab\u00ed \u00c1vila destac\u00f3 el empe\u00f1o y el compromiso que las y los j\u00f3venes nicolaitas han demostrado para tener calificaciones de excelencia.","jetpack_publicize_feature_enabled":true,"jetpack_social_post_already_shared":true,"jetpack_social_options":{"image_generator_settings":{"template":"highway","default_image_id":0,"enabled":false},"version":2}},"categories":[22],"tags":[],"class_list":["post-98970","post","type-post","status-publish","format-standard","has-post-thumbnail","category-educacion"],"aioseo_notices":[],"jetpack_publicize_connections":[],"jetpack_featured_media_url":"https:\/\/medianews.mx\/wp-content\/uploads\/2026\/09\/acd71d04-a40a-4a2d-ae3c-1e1aa0605086.jpeg","jetpack_sharing_enabled":true,"_links":{"self":[{"href":"https:\/\/medianews.mx\/index.php\/wp-json\/wp\/v2\/posts\/98970","targetHints":{"allow":["GET"]}}],"collection":[{"href":"https:\/\/medianews.mx\/index.php\/wp-json\/wp\/v2\/posts"}],"about":[{"href":"https:\/\/medianews.mx\/index.php\/wp-json\/wp\/v2\/types\/post"}],"author":[{"embeddable":true,"href":"https:\/\/medianews.mx\/index.php\/wp-json\/wp\/v2\/users\/2"}],"replies":[{"embeddable":true,"href":"https:\/\/medianews.mx\/index.php\/wp-json\/wp\/v2\/comments?post=98970"}],"version-history":[{"count":1,"href":"https:\/\/medianews.mx\/index.php\/wp-json\/wp\/v2\/posts\/98970\/revisions"}],"predecessor-version":[{"id":98972,"href":"https:\/\/medianews.mx\/index.php\/wp-json\/wp\/v2\/posts\/98970\/revisions\/98972"}],"wp:featuredmedia":[{"embeddable":true,"href":"https:\/\/medianews.mx\/index.php\/wp-json\/wp\/v2\/media\/98971"}],"wp:attachment":[{"href":"https:\/\/medianews.mx\/index.php\/wp-json\/wp\/v2\/media?parent=98970"}],"wp:term":[{"taxonomy":"category","embeddable":true,"href":"https:\/\/medianews.mx\/index.php\/wp-json\/wp\/v2\/categories?post=98970"},{"taxonomy":"post_tag","embeddable":true,"href":"https:\/\/medianews.mx\/index.php\/wp-json\/wp\/v2\/tags?post=98970"}],"curies":[{"name":"wp","href":"https:\/\/api.w.org\/{rel}","templated":true}]}}