{"id":98986,"date":"2026-09-06T14:52:28","date_gmt":"2026-09-06T20:52:28","guid":{"rendered":"https:\/\/medianews.mx\/?p=98986"},"modified":"2026-09-06T14:52:28","modified_gmt":"2026-09-06T20:52:28","slug":"programas-sociales-han-devuelto-la-dignidad-al-pueblo-de-mexico-moron","status":"publish","type":"post","link":"https:\/\/medianews.mx\/index.php\/2026\/09\/06\/programas-sociales-han-devuelto-la-dignidad-al-pueblo-de-mexico-moron\/","title":{"rendered":"Programas sociales han devuelto la dignidad al pueblo de M\u00e9xico: Mor\u00f3n"},"content":{"rendered":"<p>Morelia, Michoac\u00e1n., a 06 de septiembre de 2026.-<\/p>\n<p>Para el senador con licencia, Ra\u00fal Mor\u00f3n Orozco, los Programas para el Bienestar han devuelto la dignidad del pueblo de M\u00e9xico, ya que abonan de manera directa a la estabilidad de las familias y permiten as\u00ed disminuir la desigualdad generada en el pa\u00eds durante el periodo neoliberal.<\/p>\n<p>En el marco del Segundo Informe de Gobierno de la presidenta Claudia Sheinbaum Pardo, el profesor celebr\u00f3 de manera especial los alcances que ha tenido su administraci\u00f3n en este rubro, al destacar que para el cierre del a\u00f1o en curso se llegar\u00e1 a la cifra de 42 millones 860 mil derechohabientes.<\/p>\n<p>En su informe, la Presidenta comparti\u00f3 que en el 2025 los ingresos del Gobierno Federal alcanzaron la cifra hist\u00f3rica de 6 billones 46 mil millones de pesos y destac\u00f3 que al cierre del mes de agosto del 2026 la recaudaci\u00f3n registra ya 149 mil millones de pesos respecto al mismo periodo del a\u00f1o anterior.<\/p>\n<p>Ra\u00fal Mor\u00f3n puntualiz\u00f3 que bajo la Cuarta Transformaci\u00f3n y el r\u00e9gimen del Humanismo Mexicano, las cifras anteriores significa que esos recursos p\u00fablicos se traducir\u00e1 en el fortalecimiento de los programas, en ma\u00f1as escuelas, hospitales, viviendas, carreteras, obras h\u00eddricas, trenes y seguridad.<\/p>\n<p>Mor\u00f3n Orozco finaliz\u00f3 con la reflexi\u00f3n de que para la Cuarta Transformaci\u00f3n la riqueza del pa\u00eds se traduce en bienestar para su pueblo y refrend\u00f3 su compromiso para consolidar su avance en Michoac\u00e1n.<br \/>\n<img loading=\"lazy\" decoding=\"async\" class=\"alignnone size-medium wp-image-98987\" src=\"https:\/\/medianews.mx\/wp-content\/uploads\/2026\/09\/2f99e9af-3fd5-4591-91b0-bca33acb55e7-300x200.jpeg\" alt=\"\" width=\"300\" height=\"200\" srcset=\"https:\/\/medianews.mx\/wp-content\/uploads\/2026\/09\/2f99e9af-3fd5-4591-91b0-bca33acb55e7-300x200.jpeg 300w, https:\/\/medianews.mx\/wp-content\/uploads\/2026\/09\/2f99e9af-3fd5-4591-91b0-bca33acb55e7-1024x682.jpeg 1024w, https:\/\/medianews.mx\/wp-content\/uploads\/2026\/09\/2f99e9af-3fd5-4591-91b0-bca33acb55e7-768x512.jpeg 768w, https:\/\/medianews.mx\/wp-content\/uploads\/2026\/09\/2f99e9af-3fd5-4591-91b0-bca33acb55e7-150x100.jpeg 150w, https:\/\/medianews.mx\/wp-content\/uploads\/2026\/09\/2f99e9af-3fd5-4591-91b0-bca33acb55e7-696x464.jpeg 696w, https:\/\/medianews.mx\/wp-content\/uploads\/2026\/09\/2f99e9af-3fd5-4591-91b0-bca33acb55e7-1068x712.jpeg 1068w, https:\/\/medianews.mx\/wp-content\/uploads\/2026\/09\/2f99e9af-3fd5-4591-91b0-bca33acb55e7.jpeg 1280w\" sizes=\"auto, (max-width: 300px) 100vw, 300px\" \/><\/p>\n","protected":false},"excerpt":{"rendered":"<p>Morelia, Michoac\u00e1n., a 06 de septiembre de 2026.- Para el senador con licencia, Ra\u00fal Mor\u00f3n Orozco, los Programas para el Bienestar han devuelto la dignidad del pueblo de M\u00e9xico, ya que abonan de manera directa a la estabilidad de las familias y permiten as\u00ed disminuir la desigualdad generada en el pa\u00eds durante el periodo neoliberal. [&hellip;]<\/p>\n","protected":false},"author":2,"featured_media":98987,"comment_status":"closed","ping_status":"closed","sticky":false,"template":"","format":"standard","meta":{"om_disable_all_campaigns":false,"_monsterinsights_skip_tracking":false,"_uf_show_specific_survey":0,"_uf_disable_surveys":false,"_jetpack_memberships_contains_paid_content":false,"footnotes":"","jetpack_publicize_message":"Programas sociales han devuelto la dignidad al pueblo de M\u00e9xico: Mor\u00f3n\r\n\r\n*El profesor asegur\u00f3 que con la Cuarta Transformaci\u00f3n los recursos p\u00fablicos se convierten en programas y acciones que atienden de manera directa a quienes por d\u00e9cadas fueron olvidados.","jetpack_publicize_feature_enabled":true,"jetpack_social_post_already_shared":true,"jetpack_social_options":{"image_generator_settings":{"template":"highway","default_image_id":0,"enabled":false},"version":2}},"categories":[15],"tags":[],"class_list":["post-98986","post","type-post","status-publish","format-standard","has-post-thumbnail","category-michoacan"],"aioseo_notices":[],"jetpack_publicize_connections":[],"jetpack_featured_media_url":"https:\/\/medianews.mx\/wp-content\/uploads\/2026\/09\/2f99e9af-3fd5-4591-91b0-bca33acb55e7.jpeg","jetpack_sharing_enabled":true,"_links":{"self":[{"href":"https:\/\/medianews.mx\/index.php\/wp-json\/wp\/v2\/posts\/98986","targetHints":{"allow":["GET"]}}],"collection":[{"href":"https:\/\/medianews.mx\/index.php\/wp-json\/wp\/v2\/posts"}],"about":[{"href":"https:\/\/medianews.mx\/index.php\/wp-json\/wp\/v2\/types\/post"}],"author":[{"embeddable":true,"href":"https:\/\/medianews.mx\/index.php\/wp-json\/wp\/v2\/users\/2"}],"replies":[{"embeddable":true,"href":"https:\/\/medianews.mx\/index.php\/wp-json\/wp\/v2\/comments?post=98986"}],"version-history":[{"count":1,"href":"https:\/\/medianews.mx\/index.php\/wp-json\/wp\/v2\/posts\/98986\/revisions"}],"predecessor-version":[{"id":98988,"href":"https:\/\/medianews.mx\/index.php\/wp-json\/wp\/v2\/posts\/98986\/revisions\/98988"}],"wp:featuredmedia":[{"embeddable":true,"href":"https:\/\/medianews.mx\/index.php\/wp-json\/wp\/v2\/media\/98987"}],"wp:attachment":[{"href":"https:\/\/medianews.mx\/index.php\/wp-json\/wp\/v2\/media?parent=98986"}],"wp:term":[{"taxonomy":"category","embeddable":true,"href":"https:\/\/medianews.mx\/index.php\/wp-json\/wp\/v2\/categories?post=98986"},{"taxonomy":"post_tag","embeddable":true,"href":"https:\/\/medianews.mx\/index.php\/wp-json\/wp\/v2\/tags?post=98986"}],"curies":[{"name":"wp","href":"https:\/\/api.w.org\/{rel}","templated":true}]}}