{"id":98991,"date":"2026-09-06T14:58:23","date_gmt":"2026-09-06T20:58:23","guid":{"rendered":"https:\/\/medianews.mx\/?p=98991"},"modified":"2026-09-06T14:58:23","modified_gmt":"2026-09-06T20:58:23","slug":"gaby-molina-impulsa-el-deporte-con-causa","status":"publish","type":"post","link":"https:\/\/medianews.mx\/index.php\/2026\/09\/06\/gaby-molina-impulsa-el-deporte-con-causa\/","title":{"rendered":"Gaby Molina impulsa el deporte con causa"},"content":{"rendered":"<p>*Morelia, Michoac\u00e1n, a 6 de septiembre de 2026.-* Gaby Molina particip\u00f3 este domingo en la 16\u00aa Carrera Fundaci\u00f3n Cin\u00e9polis, una de las tradiciones deportivas y solidarias m\u00e1s importantes de Morelia, que reuni\u00f3 a m\u00e1s de 4 mil 300 corredoras y corredores en el Centro Hist\u00f3rico.<\/p>\n<p>La participaci\u00f3n se enmarca en la visi\u00f3n de impulsar el deporte como herramienta para fortalecer la salud, el bienestar y la vida comunitaria, ya que gracias a cada persona que vino a disfrutar de su actividad deportiva alguien recuperar\u00e1 la vista con las cirug\u00edas de cataratas que se har\u00e1n con la iniciativa Del Amor Nace la Vista, de la Fundaci\u00f3n Cin\u00e9polis.<\/p>\n<p>La exsecretaria de Educaci\u00f3n en Michoac\u00e1n destac\u00f3 que esta visi\u00f3n de comunidades m\u00e1s saludables, activas y participativas forma parte del trabajo que realiza en territorio, en di\u00e1logo con distintos sectores, sumando organizaci\u00f3n y cercan\u00eda al proyecto de transformaci\u00f3n que encabeza la Presidenta Claudia Sheinbaum.<\/p>\n<p>La jornada deportiva se desarroll\u00f3 en las distancias de 5K, 10K y 15K, con salida y meta frente a Catedral, consolidando a Morelia como cuna de una carrera con causa que une deporte y el bienestar.<br \/>\n<img loading=\"lazy\" decoding=\"async\" class=\"alignnone size-medium wp-image-98990\" src=\"https:\/\/medianews.mx\/wp-content\/uploads\/2026\/09\/0d1ff909-ad77-4ca9-b88e-48dc329aad93-300x200.jpeg\" alt=\"\" width=\"300\" height=\"200\" srcset=\"https:\/\/medianews.mx\/wp-content\/uploads\/2026\/09\/0d1ff909-ad77-4ca9-b88e-48dc329aad93-300x200.jpeg 300w, https:\/\/medianews.mx\/wp-content\/uploads\/2026\/09\/0d1ff909-ad77-4ca9-b88e-48dc329aad93-1024x683.jpeg 1024w, https:\/\/medianews.mx\/wp-content\/uploads\/2026\/09\/0d1ff909-ad77-4ca9-b88e-48dc329aad93-768x512.jpeg 768w, https:\/\/medianews.mx\/wp-content\/uploads\/2026\/09\/0d1ff909-ad77-4ca9-b88e-48dc329aad93-1536x1024.jpeg 1536w, https:\/\/medianews.mx\/wp-content\/uploads\/2026\/09\/0d1ff909-ad77-4ca9-b88e-48dc329aad93-2048x1366.jpeg 2048w, https:\/\/medianews.mx\/wp-content\/uploads\/2026\/09\/0d1ff909-ad77-4ca9-b88e-48dc329aad93-150x100.jpeg 150w, https:\/\/medianews.mx\/wp-content\/uploads\/2026\/09\/0d1ff909-ad77-4ca9-b88e-48dc329aad93-696x464.jpeg 696w, https:\/\/medianews.mx\/wp-content\/uploads\/2026\/09\/0d1ff909-ad77-4ca9-b88e-48dc329aad93-1068x712.jpeg 1068w, https:\/\/medianews.mx\/wp-content\/uploads\/2026\/09\/0d1ff909-ad77-4ca9-b88e-48dc329aad93-1920x1280.jpeg 1920w\" sizes=\"auto, (max-width: 300px) 100vw, 300px\" \/><\/p>\n","protected":false},"excerpt":{"rendered":"<p>*Morelia, Michoac\u00e1n, a 6 de septiembre de 2026.-* Gaby Molina particip\u00f3 este domingo en la 16\u00aa Carrera Fundaci\u00f3n Cin\u00e9polis, una de las tradiciones deportivas y solidarias m\u00e1s importantes de Morelia, que reuni\u00f3 a m\u00e1s de 4 mil 300 corredoras y corredores en el Centro Hist\u00f3rico. La participaci\u00f3n se enmarca en la visi\u00f3n de impulsar el [&hellip;]<\/p>\n","protected":false},"author":2,"featured_media":98990,"comment_status":"closed","ping_status":"closed","sticky":false,"template":"","format":"standard","meta":{"om_disable_all_campaigns":false,"_monsterinsights_skip_tracking":false,"_uf_show_specific_survey":0,"_uf_disable_surveys":false,"_jetpack_memberships_contains_paid_content":false,"footnotes":"","jetpack_publicize_message":"Gaby Molina impulsa el deporte con causa\r\n\r\n*La aspirante particip\u00f3 en la Carrera Cin\u00e9polis y destac\u00f3 el valor del deporte para fortalecer salud, comunidad y bienestar.","jetpack_publicize_feature_enabled":true,"jetpack_social_post_already_shared":true,"jetpack_social_options":{"image_generator_settings":{"template":"highway","default_image_id":0,"enabled":false},"version":2}},"categories":[15],"tags":[],"class_list":["post-98991","post","type-post","status-publish","format-standard","has-post-thumbnail","category-michoacan"],"aioseo_notices":[],"jetpack_publicize_connections":[],"jetpack_featured_media_url":"https:\/\/medianews.mx\/wp-content\/uploads\/2026\/09\/0d1ff909-ad77-4ca9-b88e-48dc329aad93-scaled.jpeg","jetpack_sharing_enabled":true,"_links":{"self":[{"href":"https:\/\/medianews.mx\/index.php\/wp-json\/wp\/v2\/posts\/98991","targetHints":{"allow":["GET"]}}],"collection":[{"href":"https:\/\/medianews.mx\/index.php\/wp-json\/wp\/v2\/posts"}],"about":[{"href":"https:\/\/medianews.mx\/index.php\/wp-json\/wp\/v2\/types\/post"}],"author":[{"embeddable":true,"href":"https:\/\/medianews.mx\/index.php\/wp-json\/wp\/v2\/users\/2"}],"replies":[{"embeddable":true,"href":"https:\/\/medianews.mx\/index.php\/wp-json\/wp\/v2\/comments?post=98991"}],"version-history":[{"count":1,"href":"https:\/\/medianews.mx\/index.php\/wp-json\/wp\/v2\/posts\/98991\/revisions"}],"predecessor-version":[{"id":98992,"href":"https:\/\/medianews.mx\/index.php\/wp-json\/wp\/v2\/posts\/98991\/revisions\/98992"}],"wp:attachment":[{"href":"https:\/\/medianews.mx\/index.php\/wp-json\/wp\/v2\/media?parent=98991"}],"wp:term":[{"taxonomy":"category","embeddable":true,"href":"https:\/\/medianews.mx\/index.php\/wp-json\/wp\/v2\/categories?post=98991"},{"taxonomy":"post_tag","embeddable":true,"href":"https:\/\/medianews.mx\/index.php\/wp-json\/wp\/v2\/tags?post=98991"}],"curies":[{"name":"wp","href":"https:\/\/api.w.org\/{rel}","templated":true}]}}